{"id":11634,"date":"2021-10-04T22:14:06","date_gmt":"2021-10-04T22:14:06","guid":{"rendered":"https:\/\/lusogolfe.com\/montcalm-prepara-se-para-ter-minigolfe-2\/"},"modified":"2021-10-04T22:25:08","modified_gmt":"2021-10-04T22:25:08","slug":"montcalm-se-prepara-para-tener-minigolf","status":"publish","type":"post","link":"https:\/\/lusogolfe.com\/es\/montcalm-se-prepara-para-tener-minigolf\/","title":{"rendered":"El nuevo espacio de Montcalm se prepara para tener Minigolf"},"content":{"rendered":"<p>En la ciudad de Mairinque, aproximadamente a 50 km de S\u00e3o Paulo, Brasil, el Centro de Equipamiento <a href=\"http:\/\/www.montcalm.com.br\/\" target=\"_blank\" rel=\"noopener\">Montcalm<\/a> incluir\u00e1 un \u00e1rea de ocio con Minigolf para sus empleados.<\/p>\n<p>En total son tres <a href=\"https:\/\/lusogolfe.com\/es\/pista-minigolf-directa\/\" target=\"_blank\" rel=\"noopener\">pistas de Minigolf directos<\/a> del modelo Easy Golf junto con el kit &#8220;<a href=\"https:\/\/lusogolfe.com\/es\/mi-minigolf-pro\/\" target=\"_blank\" rel=\"noopener\">MiMinigolf Pro<\/a>&#8221; que integrar\u00e1n la zona de ocio de las nuevas instalaciones de la compa\u00f1\u00eda.<\/p>\n<p>Con el fin de proporcionar una actividad de ocio para los empleados en horarios programados, el equipo Minigolf tambi\u00e9n se utilizar\u00e1 para eventos internos.<\/p>\n<p>Estas instalaciones de la reconocida Montcalm, son las futuras instalaciones de la empresa que opera en el segmento de Ensamblaje Industrial, con el principal objetivo de abastecer sus obras, de norte a sur del pa\u00eds, con sus propios equipos \/ herramientas \/ gr\u00faas (m\u00e1quinas con capacidad de 400 a 100 toneladas) y elementos involucrados en su campo de actividad.<\/p>\n<p><img loading=\"lazy\" decoding=\"async\" class=\"alignnone size-full wp-image-11621\" src=\"https:\/\/lusogolfe.com\/wp-content\/uploads\/2021\/10\/Montecalm-Minigolf-02.jpg\" alt=\"Montecalm-Minigolf\" width=\"820\" height=\"540\" srcset=\"https:\/\/lusogolfe.com\/wp-content\/uploads\/2021\/10\/Montecalm-Minigolf-02.jpg 820w, https:\/\/lusogolfe.com\/wp-content\/uploads\/2021\/10\/Montecalm-Minigolf-02-300x198.jpg 300w, https:\/\/lusogolfe.com\/wp-content\/uploads\/2021\/10\/Montecalm-Minigolf-02-768x506.jpg 768w, https:\/\/lusogolfe.com\/wp-content\/uploads\/2021\/10\/Montecalm-Minigolf-02-355x235.jpg 355w\" sizes=\"auto, (max-width: 820px) 100vw, 820px\" \/><\/p>\n<p>La empresa tambi\u00e9n contar\u00e1 con uno de los edificios dedicados a la fabricaci\u00f3n de &#8220;carretes de tuber\u00eda&#8221; que formar\u00e1n parte del alcance contratado.<\/p>\n","protected":false},"excerpt":{"rendered":"<p>En la ciudad de Mairinque, aproximadamente a 50 km de S\u00e3o Paulo, Brasil, el Centro de Equipamiento Montcalm incluir\u00e1 un \u00e1rea de ocio con Minigolf para sus empleados. En total son tres pistas de Minigolf directos del modelo Easy Golf junto con el kit &#8220;MiMinigolf Pro&#8221; que integrar\u00e1n la zona de ocio de las nuevas [&hellip;]<\/p>\n","protected":false},"author":2,"featured_media":11630,"comment_status":"closed","ping_status":"open","sticky":false,"template":"","format":"standard","meta":{"content-type":"","footnotes":""},"categories":[210],"tags":[],"class_list":["post-11634","post","type-post","status-publish","format-standard","has-post-thumbnail","hentry","category-instalaciones"],"yoast_head":"<!-- This site is optimized with the Yoast SEO plugin v27.4 - https:\/\/yoast.com\/product\/yoast-seo-wordpress\/ -->\n<title>El nuevo espacio de Montcalm se prepara para tener Minigolf<\/title>\n<meta name=\"description\" content=\"El Centro de Equipamiento Montcalm incluir\u00e1 un \u00e1rea de ocio con Minigolf para sus empleados.\" \/>\n<meta name=\"robots\" content=\"index, follow, max-snippet:-1, max-image-preview:large, max-video-preview:-1\" \/>\n<link rel=\"canonical\" href=\"http:\/\/lusogolfe.com\/es\/montcalm-se-prepara-para-tener-minigolf\/\" \/>\n<meta property=\"og:locale\" content=\"es_ES\" \/>\n<meta property=\"og:type\" content=\"article\" \/>\n<meta property=\"og:title\" content=\"El nuevo espacio de Montcalm se prepara para tener Minigolf\" \/>\n<meta property=\"og:description\" content=\"El Centro de Equipamiento Montcalm incluir\u00e1 un \u00e1rea de ocio con Minigolf para sus empleados.\" \/>\n<meta property=\"og:url\" content=\"http:\/\/lusogolfe.com\/es\/montcalm-se-prepara-para-tener-minigolf\/\" \/>\n<meta property=\"og:site_name\" content=\"Lusogolfe\" \/>\n<meta property=\"article:publisher\" content=\"https:\/\/www.facebook.com\/lusogolfe\/\" \/>\n<meta property=\"article:published_time\" content=\"2021-10-04T22:14:06+00:00\" \/>\n<meta property=\"article:modified_time\" content=\"2021-10-04T22:25:08+00:00\" \/>\n<meta property=\"og:image\" content=\"http:\/\/lusogolfe.com\/wp-content\/uploads\/2021\/10\/Montecalm-Minigolf.jpg\" \/>\n\t<meta property=\"og:image:width\" content=\"820\" \/>\n\t<meta property=\"og:image:height\" content=\"540\" \/>\n\t<meta property=\"og:image:type\" content=\"image\/jpeg\" \/>\n<meta name=\"author\" content=\"Reda\u00e7\u00e3o\" \/>\n<meta name=\"twitter:card\" content=\"summary_large_image\" \/>\n<meta name=\"twitter:label1\" content=\"Escrito por\" \/>\n\t<meta name=\"twitter:data1\" content=\"Reda\u00e7\u00e3o\" \/>\n\t<meta name=\"twitter:label2\" content=\"Tiempo de lectura\" \/>\n\t<meta name=\"twitter:data2\" content=\"1 minuto\" \/>\n<script type=\"application\/ld+json\" class=\"yoast-schema-graph\">{\"@context\":\"https:\\\/\\\/schema.org\",\"@graph\":[{\"@type\":\"Article\",\"@id\":\"http:\\\/\\\/lusogolfe.com\\\/es\\\/montcalm-se-prepara-para-tener-minigolf\\\/#article\",\"isPartOf\":{\"@id\":\"http:\\\/\\\/lusogolfe.com\\\/es\\\/montcalm-se-prepara-para-tener-minigolf\\\/\"},\"author\":{\"name\":\"Reda\u00e7\u00e3o\",\"@id\":\"http:\\\/\\\/lusogolfe.com\\\/es\\\/#\\\/schema\\\/person\\\/039adf6456563f7ce9ccd55310119e4f\"},\"headline\":\"El nuevo espacio de Montcalm se prepara para tener Minigolf\",\"datePublished\":\"2021-10-04T22:14:06+00:00\",\"dateModified\":\"2021-10-04T22:25:08+00:00\",\"mainEntityOfPage\":{\"@id\":\"http:\\\/\\\/lusogolfe.com\\\/es\\\/montcalm-se-prepara-para-tener-minigolf\\\/\"},\"wordCount\":181,\"publisher\":{\"@id\":\"http:\\\/\\\/lusogolfe.com\\\/es\\\/#organization\"},\"image\":{\"@id\":\"http:\\\/\\\/lusogolfe.com\\\/es\\\/montcalm-se-prepara-para-tener-minigolf\\\/#primaryimage\"},\"thumbnailUrl\":\"https:\\\/\\\/lusogolfe.com\\\/wp-content\\\/uploads\\\/2021\\\/10\\\/Montecalm-Minigolf.jpg\",\"articleSection\":[\"Instalaciones\"],\"inLanguage\":\"es\"},{\"@type\":\"WebPage\",\"@id\":\"http:\\\/\\\/lusogolfe.com\\\/es\\\/montcalm-se-prepara-para-tener-minigolf\\\/\",\"url\":\"http:\\\/\\\/lusogolfe.com\\\/es\\\/montcalm-se-prepara-para-tener-minigolf\\\/\",\"name\":\"El nuevo espacio de Montcalm se prepara para tener Minigolf\",\"isPartOf\":{\"@id\":\"http:\\\/\\\/lusogolfe.com\\\/es\\\/#website\"},\"primaryImageOfPage\":{\"@id\":\"http:\\\/\\\/lusogolfe.com\\\/es\\\/montcalm-se-prepara-para-tener-minigolf\\\/#primaryimage\"},\"image\":{\"@id\":\"http:\\\/\\\/lusogolfe.com\\\/es\\\/montcalm-se-prepara-para-tener-minigolf\\\/#primaryimage\"},\"thumbnailUrl\":\"https:\\\/\\\/lusogolfe.com\\\/wp-content\\\/uploads\\\/2021\\\/10\\\/Montecalm-Minigolf.jpg\",\"datePublished\":\"2021-10-04T22:14:06+00:00\",\"dateModified\":\"2021-10-04T22:25:08+00:00\",\"description\":\"El Centro de Equipamiento Montcalm incluir\u00e1 un \u00e1rea de ocio con Minigolf para sus empleados.\",\"breadcrumb\":{\"@id\":\"http:\\\/\\\/lusogolfe.com\\\/es\\\/montcalm-se-prepara-para-tener-minigolf\\\/#breadcrumb\"},\"inLanguage\":\"es\",\"potentialAction\":[{\"@type\":\"ReadAction\",\"target\":[\"http:\\\/\\\/lusogolfe.com\\\/es\\\/montcalm-se-prepara-para-tener-minigolf\\\/\"]}]},{\"@type\":\"ImageObject\",\"inLanguage\":\"es\",\"@id\":\"http:\\\/\\\/lusogolfe.com\\\/es\\\/montcalm-se-prepara-para-tener-minigolf\\\/#primaryimage\",\"url\":\"https:\\\/\\\/lusogolfe.com\\\/wp-content\\\/uploads\\\/2021\\\/10\\\/Montecalm-Minigolf.jpg\",\"contentUrl\":\"https:\\\/\\\/lusogolfe.com\\\/wp-content\\\/uploads\\\/2021\\\/10\\\/Montecalm-Minigolf.jpg\",\"width\":820,\"height\":540,\"caption\":\"Montecalm-Minigolf\"},{\"@type\":\"BreadcrumbList\",\"@id\":\"http:\\\/\\\/lusogolfe.com\\\/es\\\/montcalm-se-prepara-para-tener-minigolf\\\/#breadcrumb\",\"itemListElement\":[{\"@type\":\"ListItem\",\"position\":1,\"name\":\"Portada\",\"item\":\"http:\\\/\\\/lusogolfe.com\\\/es\\\/\"},{\"@type\":\"ListItem\",\"position\":2,\"name\":\"El nuevo espacio de Montcalm se prepara para tener Minigolf\"}]},{\"@type\":\"WebSite\",\"@id\":\"http:\\\/\\\/lusogolfe.com\\\/es\\\/#website\",\"url\":\"http:\\\/\\\/lusogolfe.com\\\/es\\\/\",\"name\":\"Lusogolfe\",\"description\":\"Everything for Minigolf\",\"publisher\":{\"@id\":\"http:\\\/\\\/lusogolfe.com\\\/es\\\/#organization\"},\"potentialAction\":[{\"@type\":\"SearchAction\",\"target\":{\"@type\":\"EntryPoint\",\"urlTemplate\":\"http:\\\/\\\/lusogolfe.com\\\/es\\\/?s={search_term_string}\"},\"query-input\":{\"@type\":\"PropertyValueSpecification\",\"valueRequired\":true,\"valueName\":\"search_term_string\"}}],\"inLanguage\":\"es\"},{\"@type\":\"Organization\",\"@id\":\"http:\\\/\\\/lusogolfe.com\\\/es\\\/#organization\",\"name\":\"Lusogolfe\",\"url\":\"http:\\\/\\\/lusogolfe.com\\\/es\\\/\",\"logo\":{\"@type\":\"ImageObject\",\"inLanguage\":\"es\",\"@id\":\"http:\\\/\\\/lusogolfe.com\\\/es\\\/#\\\/schema\\\/logo\\\/image\\\/\",\"url\":\"http:\\\/\\\/lusogolfe.com\\\/wp-content\\\/uploads\\\/2023\\\/05\\\/Lusogolfe-55years.png\",\"contentUrl\":\"http:\\\/\\\/lusogolfe.com\\\/wp-content\\\/uploads\\\/2023\\\/05\\\/Lusogolfe-55years.png\",\"width\":1128,\"height\":768,\"caption\":\"Lusogolfe\"},\"image\":{\"@id\":\"http:\\\/\\\/lusogolfe.com\\\/es\\\/#\\\/schema\\\/logo\\\/image\\\/\"},\"sameAs\":[\"https:\\\/\\\/www.facebook.com\\\/lusogolfe\\\/\",\"https:\\\/\\\/www.linkedin.com\\\/company\\\/lusogolfe\",\"https:\\\/\\\/www.youtube.com\\\/lusogolfe\",\"https:\\\/\\\/www.instagram.com\\\/lusogolfe\"]},{\"@type\":\"Person\",\"@id\":\"http:\\\/\\\/lusogolfe.com\\\/es\\\/#\\\/schema\\\/person\\\/039adf6456563f7ce9ccd55310119e4f\",\"name\":\"Reda\u00e7\u00e3o\",\"image\":{\"@type\":\"ImageObject\",\"inLanguage\":\"es\",\"@id\":\"https:\\\/\\\/secure.gravatar.com\\\/avatar\\\/ca1d52efbdbe1f710c5fafcb836b2e1de58a88ee0813915e1a6ec41ed01a9056?s=96&d=mm&r=g\",\"url\":\"https:\\\/\\\/secure.gravatar.com\\\/avatar\\\/ca1d52efbdbe1f710c5fafcb836b2e1de58a88ee0813915e1a6ec41ed01a9056?s=96&d=mm&r=g\",\"contentUrl\":\"https:\\\/\\\/secure.gravatar.com\\\/avatar\\\/ca1d52efbdbe1f710c5fafcb836b2e1de58a88ee0813915e1a6ec41ed01a9056?s=96&d=mm&r=g\",\"caption\":\"Reda\u00e7\u00e3o\"}}]}<\/script>\n<!-- \/ Yoast SEO plugin. -->","yoast_head_json":{"title":"El nuevo espacio de Montcalm se prepara para tener Minigolf","description":"El Centro de Equipamiento Montcalm incluir\u00e1 un \u00e1rea de ocio con Minigolf para sus empleados.","robots":{"index":"index","follow":"follow","max-snippet":"max-snippet:-1","max-image-preview":"max-image-preview:large","max-video-preview":"max-video-preview:-1"},"canonical":"http:\/\/lusogolfe.com\/es\/montcalm-se-prepara-para-tener-minigolf\/","og_locale":"es_ES","og_type":"article","og_title":"El nuevo espacio de Montcalm se prepara para tener Minigolf","og_description":"El Centro de Equipamiento Montcalm incluir\u00e1 un \u00e1rea de ocio con Minigolf para sus empleados.","og_url":"http:\/\/lusogolfe.com\/es\/montcalm-se-prepara-para-tener-minigolf\/","og_site_name":"Lusogolfe","article_publisher":"https:\/\/www.facebook.com\/lusogolfe\/","article_published_time":"2021-10-04T22:14:06+00:00","article_modified_time":"2021-10-04T22:25:08+00:00","og_image":[{"width":820,"height":540,"url":"http:\/\/lusogolfe.com\/wp-content\/uploads\/2021\/10\/Montecalm-Minigolf.jpg","type":"image\/jpeg"}],"author":"Reda\u00e7\u00e3o","twitter_card":"summary_large_image","twitter_misc":{"Escrito por":"Reda\u00e7\u00e3o","Tiempo de lectura":"1 minuto"},"schema":{"@context":"https:\/\/schema.org","@graph":[{"@type":"Article","@id":"http:\/\/lusogolfe.com\/es\/montcalm-se-prepara-para-tener-minigolf\/#article","isPartOf":{"@id":"http:\/\/lusogolfe.com\/es\/montcalm-se-prepara-para-tener-minigolf\/"},"author":{"name":"Reda\u00e7\u00e3o","@id":"http:\/\/lusogolfe.com\/es\/#\/schema\/person\/039adf6456563f7ce9ccd55310119e4f"},"headline":"El nuevo espacio de Montcalm se prepara para tener Minigolf","datePublished":"2021-10-04T22:14:06+00:00","dateModified":"2021-10-04T22:25:08+00:00","mainEntityOfPage":{"@id":"http:\/\/lusogolfe.com\/es\/montcalm-se-prepara-para-tener-minigolf\/"},"wordCount":181,"publisher":{"@id":"http:\/\/lusogolfe.com\/es\/#organization"},"image":{"@id":"http:\/\/lusogolfe.com\/es\/montcalm-se-prepara-para-tener-minigolf\/#primaryimage"},"thumbnailUrl":"https:\/\/lusogolfe.com\/wp-content\/uploads\/2021\/10\/Montecalm-Minigolf.jpg","articleSection":["Instalaciones"],"inLanguage":"es"},{"@type":"WebPage","@id":"http:\/\/lusogolfe.com\/es\/montcalm-se-prepara-para-tener-minigolf\/","url":"http:\/\/lusogolfe.com\/es\/montcalm-se-prepara-para-tener-minigolf\/","name":"El nuevo espacio de Montcalm se prepara para tener Minigolf","isPartOf":{"@id":"http:\/\/lusogolfe.com\/es\/#website"},"primaryImageOfPage":{"@id":"http:\/\/lusogolfe.com\/es\/montcalm-se-prepara-para-tener-minigolf\/#primaryimage"},"image":{"@id":"http:\/\/lusogolfe.com\/es\/montcalm-se-prepara-para-tener-minigolf\/#primaryimage"},"thumbnailUrl":"https:\/\/lusogolfe.com\/wp-content\/uploads\/2021\/10\/Montecalm-Minigolf.jpg","datePublished":"2021-10-04T22:14:06+00:00","dateModified":"2021-10-04T22:25:08+00:00","description":"El Centro de Equipamiento Montcalm incluir\u00e1 un \u00e1rea de ocio con Minigolf para sus empleados.","breadcrumb":{"@id":"http:\/\/lusogolfe.com\/es\/montcalm-se-prepara-para-tener-minigolf\/#breadcrumb"},"inLanguage":"es","potentialAction":[{"@type":"ReadAction","target":["http:\/\/lusogolfe.com\/es\/montcalm-se-prepara-para-tener-minigolf\/"]}]},{"@type":"ImageObject","inLanguage":"es","@id":"http:\/\/lusogolfe.com\/es\/montcalm-se-prepara-para-tener-minigolf\/#primaryimage","url":"https:\/\/lusogolfe.com\/wp-content\/uploads\/2021\/10\/Montecalm-Minigolf.jpg","contentUrl":"https:\/\/lusogolfe.com\/wp-content\/uploads\/2021\/10\/Montecalm-Minigolf.jpg","width":820,"height":540,"caption":"Montecalm-Minigolf"},{"@type":"BreadcrumbList","@id":"http:\/\/lusogolfe.com\/es\/montcalm-se-prepara-para-tener-minigolf\/#breadcrumb","itemListElement":[{"@type":"ListItem","position":1,"name":"Portada","item":"http:\/\/lusogolfe.com\/es\/"},{"@type":"ListItem","position":2,"name":"El nuevo espacio de Montcalm se prepara para tener Minigolf"}]},{"@type":"WebSite","@id":"http:\/\/lusogolfe.com\/es\/#website","url":"http:\/\/lusogolfe.com\/es\/","name":"Lusogolfe","description":"Everything for Minigolf","publisher":{"@id":"http:\/\/lusogolfe.com\/es\/#organization"},"potentialAction":[{"@type":"SearchAction","target":{"@type":"EntryPoint","urlTemplate":"http:\/\/lusogolfe.com\/es\/?s={search_term_string}"},"query-input":{"@type":"PropertyValueSpecification","valueRequired":true,"valueName":"search_term_string"}}],"inLanguage":"es"},{"@type":"Organization","@id":"http:\/\/lusogolfe.com\/es\/#organization","name":"Lusogolfe","url":"http:\/\/lusogolfe.com\/es\/","logo":{"@type":"ImageObject","inLanguage":"es","@id":"http:\/\/lusogolfe.com\/es\/#\/schema\/logo\/image\/","url":"http:\/\/lusogolfe.com\/wp-content\/uploads\/2023\/05\/Lusogolfe-55years.png","contentUrl":"http:\/\/lusogolfe.com\/wp-content\/uploads\/2023\/05\/Lusogolfe-55years.png","width":1128,"height":768,"caption":"Lusogolfe"},"image":{"@id":"http:\/\/lusogolfe.com\/es\/#\/schema\/logo\/image\/"},"sameAs":["https:\/\/www.facebook.com\/lusogolfe\/","https:\/\/www.linkedin.com\/company\/lusogolfe","https:\/\/www.youtube.com\/lusogolfe","https:\/\/www.instagram.com\/lusogolfe"]},{"@type":"Person","@id":"http:\/\/lusogolfe.com\/es\/#\/schema\/person\/039adf6456563f7ce9ccd55310119e4f","name":"Reda\u00e7\u00e3o","image":{"@type":"ImageObject","inLanguage":"es","@id":"https:\/\/secure.gravatar.com\/avatar\/ca1d52efbdbe1f710c5fafcb836b2e1de58a88ee0813915e1a6ec41ed01a9056?s=96&d=mm&r=g","url":"https:\/\/secure.gravatar.com\/avatar\/ca1d52efbdbe1f710c5fafcb836b2e1de58a88ee0813915e1a6ec41ed01a9056?s=96&d=mm&r=g","contentUrl":"https:\/\/secure.gravatar.com\/avatar\/ca1d52efbdbe1f710c5fafcb836b2e1de58a88ee0813915e1a6ec41ed01a9056?s=96&d=mm&r=g","caption":"Reda\u00e7\u00e3o"}}]}},"_links":{"self":[{"href":"https:\/\/lusogolfe.com\/es\/wp-json\/wp\/v2\/posts\/11634","targetHints":{"allow":["GET"]}}],"collection":[{"href":"https:\/\/lusogolfe.com\/es\/wp-json\/wp\/v2\/posts"}],"about":[{"href":"https:\/\/lusogolfe.com\/es\/wp-json\/wp\/v2\/types\/post"}],"author":[{"embeddable":true,"href":"https:\/\/lusogolfe.com\/es\/wp-json\/wp\/v2\/users\/2"}],"replies":[{"embeddable":true,"href":"https:\/\/lusogolfe.com\/es\/wp-json\/wp\/v2\/comments?post=11634"}],"version-history":[{"count":3,"href":"https:\/\/lusogolfe.com\/es\/wp-json\/wp\/v2\/posts\/11634\/revisions"}],"predecessor-version":[{"id":11645,"href":"https:\/\/lusogolfe.com\/es\/wp-json\/wp\/v2\/posts\/11634\/revisions\/11645"}],"wp:featuredmedia":[{"embeddable":true,"href":"https:\/\/lusogolfe.com\/es\/wp-json\/wp\/v2\/media\/11630"}],"wp:attachment":[{"href":"https:\/\/lusogolfe.com\/es\/wp-json\/wp\/v2\/media?parent=11634"}],"wp:term":[{"taxonomy":"category","embeddable":true,"href":"https:\/\/lusogolfe.com\/es\/wp-json\/wp\/v2\/categories?post=11634"},{"taxonomy":"post_tag","embeddable":true,"href":"https:\/\/lusogolfe.com\/es\/wp-json\/wp\/v2\/tags?post=11634"}],"curies":[{"name":"wp","href":"https:\/\/api.w.org\/{rel}","templated":true}]}}