{"id":6470,"date":"2019-02-11T16:01:04","date_gmt":"2019-02-11T16:01:04","guid":{"rendered":"https:\/\/lusogolfe.com\/en\/minigolfe-btl-e-urban-garden\/"},"modified":"2019-02-27T10:47:41","modified_gmt":"2019-02-27T10:47:41","slug":"minigolf-present-at-btl-and-urban-garden-in-march","status":"publish","type":"post","link":"https:\/\/lusogolfe.com\/en\/minigolf-present-at-btl-and-urban-garden-in-march\/","title":{"rendered":"Minigolf present at BTL and Urban Garden in March"},"content":{"rendered":"<p>The minigolf moves to FIL &#8211; International Fair of Lisbon during the month of March.<\/p>\n<p>Lusogolfe will be present at the BTL &#8211; Lisbon Tourism Exchange from March 13th to 17th (stand 1ZE02) and at the Urban Garden from March 22th to 24th.<\/p>\n<p>The first is an event dedicated to the hotel sector and tourism. The second is a premiere aimed at solutions to the urban environment, which increasingly assume an important role in urban spaces (get your credentials for this event <a href=\"https:\/\/a.beamian.com\/#\/event\/credenciacao\" target=\"_blank\" rel=\"noopener\">here)<\/a>.<\/p>\n<p>Two events with a great diversity of equipment, ideas and proposals for the design, renovation and maintenance of outdoor spaces, where Minigolf affirms itself as a differentiating solution.<\/p>\n<p>At the Lusogolfe stand you will count on the support of our team, available to answer all questions regarding our equipment. This is an excellent opportunity to have real contact with Lusogolfe equipment, and get to know your new Minigolf lanes.<\/p>\n<p>Whether in a garden, next to a swimming pool, or even in a playground, <a href=\"https:\/\/lusogolfe.com\/en\/mini-golf-lanes\/\" target=\"_blank\" rel=\"noopener\">Lusogolfe equipment<\/a> is the guarantee of moments of leisure, fun and well-being for the whole family.<\/p>\n<p>We look forward to your visit!<\/p>\n","protected":false},"excerpt":{"rendered":"<p>Lusogolfe will be present at the BTL &#8211; Lisbon Tourism Exchange from March 13th to 17th (stand 1ZE02) and at the Urban Garden from March 22th to 24th.<\/p>\n","protected":false},"author":2,"featured_media":6466,"comment_status":"closed","ping_status":"open","sticky":false,"template":"","format":"standard","meta":{"content-type":"","footnotes":""},"categories":[65,170],"tags":[],"class_list":["post-6470","post","type-post","status-publish","format-standard","has-post-thumbnail","hentry","category-events","category-exposicoes-en"],"yoast_head":"<!-- This site is optimized with the Yoast SEO plugin v27.4 - https:\/\/yoast.com\/product\/yoast-seo-wordpress\/ -->\n<title>Minigolf present at BTL and Urban Garden in March | Lusogolfe<\/title>\n<meta name=\"description\" content=\"Lusogolfe will be present at the BTL - Lisbon Tourism Exchange from March 13th to 17th (stand 1ZE02) and at the Urban Garden from March 22th to 24th.\" \/>\n<meta name=\"robots\" content=\"index, follow, max-snippet:-1, max-image-preview:large, max-video-preview:-1\" \/>\n<link rel=\"canonical\" href=\"http:\/\/lusogolfe.com\/en\/minigolf-present-at-btl-and-urban-garden-in-march\/\" \/>\n<meta property=\"og:locale\" content=\"en_US\" \/>\n<meta property=\"og:type\" content=\"article\" \/>\n<meta property=\"og:title\" content=\"Minigolf present at BTL and Urban Garden in March\" \/>\n<meta property=\"og:description\" content=\"Lusogolfe will be present at the BTL - Lisbon Tourism Exchange from March 13th to 17th (stand 1ZE02) and at the Urban Garden from March 22th to 24th.\" \/>\n<meta property=\"og:url\" content=\"http:\/\/lusogolfe.com\/en\/minigolf-present-at-btl-and-urban-garden-in-march\/\" \/>\n<meta property=\"og:site_name\" content=\"Lusogolfe\" \/>\n<meta property=\"article:publisher\" content=\"https:\/\/www.facebook.com\/lusogolfe\/\" \/>\n<meta property=\"article:published_time\" content=\"2019-02-11T16:01:04+00:00\" \/>\n<meta property=\"article:modified_time\" content=\"2019-02-27T10:47:41+00:00\" \/>\n<meta property=\"og:image\" content=\"http:\/\/lusogolfe.com\/wp-content\/uploads\/2019\/02\/BTL-Urban-Garden.jpg\" \/>\n\t<meta property=\"og:image:width\" content=\"1200\" \/>\n\t<meta property=\"og:image:height\" content=\"629\" \/>\n\t<meta property=\"og:image:type\" content=\"image\/jpeg\" \/>\n<meta name=\"author\" content=\"Reda\u00e7\u00e3o\" \/>\n<meta name=\"twitter:card\" content=\"summary_large_image\" \/>\n<meta name=\"twitter:label1\" content=\"Written by\" \/>\n\t<meta name=\"twitter:data1\" content=\"Reda\u00e7\u00e3o\" \/>\n\t<meta name=\"twitter:label2\" content=\"Est. reading time\" \/>\n\t<meta name=\"twitter:data2\" content=\"1 minute\" \/>\n<script type=\"application\/ld+json\" class=\"yoast-schema-graph\">{\"@context\":\"https:\\\/\\\/schema.org\",\"@graph\":[{\"@type\":\"Article\",\"@id\":\"http:\\\/\\\/lusogolfe.com\\\/en\\\/minigolf-present-at-btl-and-urban-garden-in-march\\\/#article\",\"isPartOf\":{\"@id\":\"http:\\\/\\\/lusogolfe.com\\\/en\\\/minigolf-present-at-btl-and-urban-garden-in-march\\\/\"},\"author\":{\"name\":\"Reda\u00e7\u00e3o\",\"@id\":\"http:\\\/\\\/lusogolfe.com\\\/es\\\/#\\\/schema\\\/person\\\/039adf6456563f7ce9ccd55310119e4f\"},\"headline\":\"Minigolf present at BTL and Urban Garden in March\",\"datePublished\":\"2019-02-11T16:01:04+00:00\",\"dateModified\":\"2019-02-27T10:47:41+00:00\",\"mainEntityOfPage\":{\"@id\":\"http:\\\/\\\/lusogolfe.com\\\/en\\\/minigolf-present-at-btl-and-urban-garden-in-march\\\/\"},\"wordCount\":197,\"publisher\":{\"@id\":\"http:\\\/\\\/lusogolfe.com\\\/es\\\/#organization\"},\"image\":{\"@id\":\"http:\\\/\\\/lusogolfe.com\\\/en\\\/minigolf-present-at-btl-and-urban-garden-in-march\\\/#primaryimage\"},\"thumbnailUrl\":\"https:\\\/\\\/lusogolfe.com\\\/wp-content\\\/uploads\\\/2019\\\/02\\\/BTL-Urban-Garden-Minigolf.jpg\",\"articleSection\":[\"Events\",\"Exposi\u00e7\u00f5es\"],\"inLanguage\":\"en-US\"},{\"@type\":\"WebPage\",\"@id\":\"http:\\\/\\\/lusogolfe.com\\\/en\\\/minigolf-present-at-btl-and-urban-garden-in-march\\\/\",\"url\":\"http:\\\/\\\/lusogolfe.com\\\/en\\\/minigolf-present-at-btl-and-urban-garden-in-march\\\/\",\"name\":\"Minigolf present at BTL and Urban Garden in March | Lusogolfe\",\"isPartOf\":{\"@id\":\"http:\\\/\\\/lusogolfe.com\\\/es\\\/#website\"},\"primaryImageOfPage\":{\"@id\":\"http:\\\/\\\/lusogolfe.com\\\/en\\\/minigolf-present-at-btl-and-urban-garden-in-march\\\/#primaryimage\"},\"image\":{\"@id\":\"http:\\\/\\\/lusogolfe.com\\\/en\\\/minigolf-present-at-btl-and-urban-garden-in-march\\\/#primaryimage\"},\"thumbnailUrl\":\"https:\\\/\\\/lusogolfe.com\\\/wp-content\\\/uploads\\\/2019\\\/02\\\/BTL-Urban-Garden-Minigolf.jpg\",\"datePublished\":\"2019-02-11T16:01:04+00:00\",\"dateModified\":\"2019-02-27T10:47:41+00:00\",\"description\":\"Lusogolfe will be present at the BTL - Lisbon Tourism Exchange from March 13th to 17th (stand 1ZE02) and at the Urban Garden from March 22th to 24th.\",\"breadcrumb\":{\"@id\":\"http:\\\/\\\/lusogolfe.com\\\/en\\\/minigolf-present-at-btl-and-urban-garden-in-march\\\/#breadcrumb\"},\"inLanguage\":\"en-US\",\"potentialAction\":[{\"@type\":\"ReadAction\",\"target\":[\"http:\\\/\\\/lusogolfe.com\\\/en\\\/minigolf-present-at-btl-and-urban-garden-in-march\\\/\"]}]},{\"@type\":\"ImageObject\",\"inLanguage\":\"en-US\",\"@id\":\"http:\\\/\\\/lusogolfe.com\\\/en\\\/minigolf-present-at-btl-and-urban-garden-in-march\\\/#primaryimage\",\"url\":\"https:\\\/\\\/lusogolfe.com\\\/wp-content\\\/uploads\\\/2019\\\/02\\\/BTL-Urban-Garden-Minigolf.jpg\",\"contentUrl\":\"https:\\\/\\\/lusogolfe.com\\\/wp-content\\\/uploads\\\/2019\\\/02\\\/BTL-Urban-Garden-Minigolf.jpg\",\"width\":825,\"height\":340,\"caption\":\"BTL-Urban-Garden-Minigolf\"},{\"@type\":\"BreadcrumbList\",\"@id\":\"http:\\\/\\\/lusogolfe.com\\\/en\\\/minigolf-present-at-btl-and-urban-garden-in-march\\\/#breadcrumb\",\"itemListElement\":[{\"@type\":\"ListItem\",\"position\":1,\"name\":\"Portada\",\"item\":\"http:\\\/\\\/lusogolfe.com\\\/en\\\/\"},{\"@type\":\"ListItem\",\"position\":2,\"name\":\"Minigolf present at BTL and Urban Garden in March\"}]},{\"@type\":\"WebSite\",\"@id\":\"http:\\\/\\\/lusogolfe.com\\\/es\\\/#website\",\"url\":\"http:\\\/\\\/lusogolfe.com\\\/es\\\/\",\"name\":\"Lusogolfe\",\"description\":\"Everything for Minigolf\",\"publisher\":{\"@id\":\"http:\\\/\\\/lusogolfe.com\\\/es\\\/#organization\"},\"potentialAction\":[{\"@type\":\"SearchAction\",\"target\":{\"@type\":\"EntryPoint\",\"urlTemplate\":\"http:\\\/\\\/lusogolfe.com\\\/es\\\/?s={search_term_string}\"},\"query-input\":{\"@type\":\"PropertyValueSpecification\",\"valueRequired\":true,\"valueName\":\"search_term_string\"}}],\"inLanguage\":\"en-US\"},{\"@type\":\"Organization\",\"@id\":\"http:\\\/\\\/lusogolfe.com\\\/es\\\/#organization\",\"name\":\"Lusogolfe\",\"url\":\"http:\\\/\\\/lusogolfe.com\\\/es\\\/\",\"logo\":{\"@type\":\"ImageObject\",\"inLanguage\":\"en-US\",\"@id\":\"http:\\\/\\\/lusogolfe.com\\\/es\\\/#\\\/schema\\\/logo\\\/image\\\/\",\"url\":\"http:\\\/\\\/lusogolfe.com\\\/wp-content\\\/uploads\\\/2023\\\/05\\\/Lusogolfe-55years.png\",\"contentUrl\":\"http:\\\/\\\/lusogolfe.com\\\/wp-content\\\/uploads\\\/2023\\\/05\\\/Lusogolfe-55years.png\",\"width\":1128,\"height\":768,\"caption\":\"Lusogolfe\"},\"image\":{\"@id\":\"http:\\\/\\\/lusogolfe.com\\\/es\\\/#\\\/schema\\\/logo\\\/image\\\/\"},\"sameAs\":[\"https:\\\/\\\/www.facebook.com\\\/lusogolfe\\\/\",\"https:\\\/\\\/www.linkedin.com\\\/company\\\/lusogolfe\",\"https:\\\/\\\/www.youtube.com\\\/lusogolfe\",\"https:\\\/\\\/www.instagram.com\\\/lusogolfe\"]},{\"@type\":\"Person\",\"@id\":\"http:\\\/\\\/lusogolfe.com\\\/es\\\/#\\\/schema\\\/person\\\/039adf6456563f7ce9ccd55310119e4f\",\"name\":\"Reda\u00e7\u00e3o\",\"image\":{\"@type\":\"ImageObject\",\"inLanguage\":\"en-US\",\"@id\":\"https:\\\/\\\/secure.gravatar.com\\\/avatar\\\/ca1d52efbdbe1f710c5fafcb836b2e1de58a88ee0813915e1a6ec41ed01a9056?s=96&d=mm&r=g\",\"url\":\"https:\\\/\\\/secure.gravatar.com\\\/avatar\\\/ca1d52efbdbe1f710c5fafcb836b2e1de58a88ee0813915e1a6ec41ed01a9056?s=96&d=mm&r=g\",\"contentUrl\":\"https:\\\/\\\/secure.gravatar.com\\\/avatar\\\/ca1d52efbdbe1f710c5fafcb836b2e1de58a88ee0813915e1a6ec41ed01a9056?s=96&d=mm&r=g\",\"caption\":\"Reda\u00e7\u00e3o\"}}]}<\/script>\n<!-- \/ Yoast SEO plugin. -->","yoast_head_json":{"title":"Minigolf present at BTL and Urban Garden in March | Lusogolfe","description":"Lusogolfe will be present at the BTL - Lisbon Tourism Exchange from March 13th to 17th (stand 1ZE02) and at the Urban Garden from March 22th to 24th.","robots":{"index":"index","follow":"follow","max-snippet":"max-snippet:-1","max-image-preview":"max-image-preview:large","max-video-preview":"max-video-preview:-1"},"canonical":"http:\/\/lusogolfe.com\/en\/minigolf-present-at-btl-and-urban-garden-in-march\/","og_locale":"en_US","og_type":"article","og_title":"Minigolf present at BTL and Urban Garden in March","og_description":"Lusogolfe will be present at the BTL - Lisbon Tourism Exchange from March 13th to 17th (stand 1ZE02) and at the Urban Garden from March 22th to 24th.","og_url":"http:\/\/lusogolfe.com\/en\/minigolf-present-at-btl-and-urban-garden-in-march\/","og_site_name":"Lusogolfe","article_publisher":"https:\/\/www.facebook.com\/lusogolfe\/","article_published_time":"2019-02-11T16:01:04+00:00","article_modified_time":"2019-02-27T10:47:41+00:00","og_image":[{"width":1200,"height":629,"url":"http:\/\/lusogolfe.com\/wp-content\/uploads\/2019\/02\/BTL-Urban-Garden.jpg","type":"image\/jpeg"}],"author":"Reda\u00e7\u00e3o","twitter_card":"summary_large_image","twitter_misc":{"Written by":"Reda\u00e7\u00e3o","Est. reading time":"1 minute"},"schema":{"@context":"https:\/\/schema.org","@graph":[{"@type":"Article","@id":"http:\/\/lusogolfe.com\/en\/minigolf-present-at-btl-and-urban-garden-in-march\/#article","isPartOf":{"@id":"http:\/\/lusogolfe.com\/en\/minigolf-present-at-btl-and-urban-garden-in-march\/"},"author":{"name":"Reda\u00e7\u00e3o","@id":"http:\/\/lusogolfe.com\/es\/#\/schema\/person\/039adf6456563f7ce9ccd55310119e4f"},"headline":"Minigolf present at BTL and Urban Garden in March","datePublished":"2019-02-11T16:01:04+00:00","dateModified":"2019-02-27T10:47:41+00:00","mainEntityOfPage":{"@id":"http:\/\/lusogolfe.com\/en\/minigolf-present-at-btl-and-urban-garden-in-march\/"},"wordCount":197,"publisher":{"@id":"http:\/\/lusogolfe.com\/es\/#organization"},"image":{"@id":"http:\/\/lusogolfe.com\/en\/minigolf-present-at-btl-and-urban-garden-in-march\/#primaryimage"},"thumbnailUrl":"https:\/\/lusogolfe.com\/wp-content\/uploads\/2019\/02\/BTL-Urban-Garden-Minigolf.jpg","articleSection":["Events","Exposi\u00e7\u00f5es"],"inLanguage":"en-US"},{"@type":"WebPage","@id":"http:\/\/lusogolfe.com\/en\/minigolf-present-at-btl-and-urban-garden-in-march\/","url":"http:\/\/lusogolfe.com\/en\/minigolf-present-at-btl-and-urban-garden-in-march\/","name":"Minigolf present at BTL and Urban Garden in March | Lusogolfe","isPartOf":{"@id":"http:\/\/lusogolfe.com\/es\/#website"},"primaryImageOfPage":{"@id":"http:\/\/lusogolfe.com\/en\/minigolf-present-at-btl-and-urban-garden-in-march\/#primaryimage"},"image":{"@id":"http:\/\/lusogolfe.com\/en\/minigolf-present-at-btl-and-urban-garden-in-march\/#primaryimage"},"thumbnailUrl":"https:\/\/lusogolfe.com\/wp-content\/uploads\/2019\/02\/BTL-Urban-Garden-Minigolf.jpg","datePublished":"2019-02-11T16:01:04+00:00","dateModified":"2019-02-27T10:47:41+00:00","description":"Lusogolfe will be present at the BTL - Lisbon Tourism Exchange from March 13th to 17th (stand 1ZE02) and at the Urban Garden from March 22th to 24th.","breadcrumb":{"@id":"http:\/\/lusogolfe.com\/en\/minigolf-present-at-btl-and-urban-garden-in-march\/#breadcrumb"},"inLanguage":"en-US","potentialAction":[{"@type":"ReadAction","target":["http:\/\/lusogolfe.com\/en\/minigolf-present-at-btl-and-urban-garden-in-march\/"]}]},{"@type":"ImageObject","inLanguage":"en-US","@id":"http:\/\/lusogolfe.com\/en\/minigolf-present-at-btl-and-urban-garden-in-march\/#primaryimage","url":"https:\/\/lusogolfe.com\/wp-content\/uploads\/2019\/02\/BTL-Urban-Garden-Minigolf.jpg","contentUrl":"https:\/\/lusogolfe.com\/wp-content\/uploads\/2019\/02\/BTL-Urban-Garden-Minigolf.jpg","width":825,"height":340,"caption":"BTL-Urban-Garden-Minigolf"},{"@type":"BreadcrumbList","@id":"http:\/\/lusogolfe.com\/en\/minigolf-present-at-btl-and-urban-garden-in-march\/#breadcrumb","itemListElement":[{"@type":"ListItem","position":1,"name":"Portada","item":"http:\/\/lusogolfe.com\/en\/"},{"@type":"ListItem","position":2,"name":"Minigolf present at BTL and Urban Garden in March"}]},{"@type":"WebSite","@id":"http:\/\/lusogolfe.com\/es\/#website","url":"http:\/\/lusogolfe.com\/es\/","name":"Lusogolfe","description":"Everything for Minigolf","publisher":{"@id":"http:\/\/lusogolfe.com\/es\/#organization"},"potentialAction":[{"@type":"SearchAction","target":{"@type":"EntryPoint","urlTemplate":"http:\/\/lusogolfe.com\/es\/?s={search_term_string}"},"query-input":{"@type":"PropertyValueSpecification","valueRequired":true,"valueName":"search_term_string"}}],"inLanguage":"en-US"},{"@type":"Organization","@id":"http:\/\/lusogolfe.com\/es\/#organization","name":"Lusogolfe","url":"http:\/\/lusogolfe.com\/es\/","logo":{"@type":"ImageObject","inLanguage":"en-US","@id":"http:\/\/lusogolfe.com\/es\/#\/schema\/logo\/image\/","url":"http:\/\/lusogolfe.com\/wp-content\/uploads\/2023\/05\/Lusogolfe-55years.png","contentUrl":"http:\/\/lusogolfe.com\/wp-content\/uploads\/2023\/05\/Lusogolfe-55years.png","width":1128,"height":768,"caption":"Lusogolfe"},"image":{"@id":"http:\/\/lusogolfe.com\/es\/#\/schema\/logo\/image\/"},"sameAs":["https:\/\/www.facebook.com\/lusogolfe\/","https:\/\/www.linkedin.com\/company\/lusogolfe","https:\/\/www.youtube.com\/lusogolfe","https:\/\/www.instagram.com\/lusogolfe"]},{"@type":"Person","@id":"http:\/\/lusogolfe.com\/es\/#\/schema\/person\/039adf6456563f7ce9ccd55310119e4f","name":"Reda\u00e7\u00e3o","image":{"@type":"ImageObject","inLanguage":"en-US","@id":"https:\/\/secure.gravatar.com\/avatar\/ca1d52efbdbe1f710c5fafcb836b2e1de58a88ee0813915e1a6ec41ed01a9056?s=96&d=mm&r=g","url":"https:\/\/secure.gravatar.com\/avatar\/ca1d52efbdbe1f710c5fafcb836b2e1de58a88ee0813915e1a6ec41ed01a9056?s=96&d=mm&r=g","contentUrl":"https:\/\/secure.gravatar.com\/avatar\/ca1d52efbdbe1f710c5fafcb836b2e1de58a88ee0813915e1a6ec41ed01a9056?s=96&d=mm&r=g","caption":"Reda\u00e7\u00e3o"}}]}},"_links":{"self":[{"href":"https:\/\/lusogolfe.com\/en\/wp-json\/wp\/v2\/posts\/6470","targetHints":{"allow":["GET"]}}],"collection":[{"href":"https:\/\/lusogolfe.com\/en\/wp-json\/wp\/v2\/posts"}],"about":[{"href":"https:\/\/lusogolfe.com\/en\/wp-json\/wp\/v2\/types\/post"}],"author":[{"embeddable":true,"href":"https:\/\/lusogolfe.com\/en\/wp-json\/wp\/v2\/users\/2"}],"replies":[{"embeddable":true,"href":"https:\/\/lusogolfe.com\/en\/wp-json\/wp\/v2\/comments?post=6470"}],"version-history":[{"count":4,"href":"https:\/\/lusogolfe.com\/en\/wp-json\/wp\/v2\/posts\/6470\/revisions"}],"predecessor-version":[{"id":6506,"href":"https:\/\/lusogolfe.com\/en\/wp-json\/wp\/v2\/posts\/6470\/revisions\/6506"}],"wp:featuredmedia":[{"embeddable":true,"href":"https:\/\/lusogolfe.com\/en\/wp-json\/wp\/v2\/media\/6466"}],"wp:attachment":[{"href":"https:\/\/lusogolfe.com\/en\/wp-json\/wp\/v2\/media?parent=6470"}],"wp:term":[{"taxonomy":"category","embeddable":true,"href":"https:\/\/lusogolfe.com\/en\/wp-json\/wp\/v2\/categories?post=6470"},{"taxonomy":"post_tag","embeddable":true,"href":"https:\/\/lusogolfe.com\/en\/wp-json\/wp\/v2\/tags?post=6470"}],"curies":[{"name":"wp","href":"https:\/\/api.w.org\/{rel}","templated":true}]}}